{"id":2027,"date":"2017-03-30T13:47:19","date_gmt":"2017-03-30T13:47:19","guid":{"rendered":"http:\/\/www.montanhismo-guarda.pt\/portal\/?p=2027"},"modified":"2017-03-30T13:47:19","modified_gmt":"2017-03-30T13:47:19","slug":"atividade-no-circo-de-gredos-2","status":"publish","type":"post","link":"https:\/\/www.montanhismo-guarda.pt\/portal\/arquivo\/2027","title":{"rendered":"Atividade no Circo de Gredos"},"content":{"rendered":"<p><a href=\"https:\/\/www.montanhismo-guarda.pt\/portal\/arquivo\/2027\/gredos_cmg_2017\" rel=\"attachment wp-att-2028\"><img loading=\"lazy\" decoding=\"async\" class=\"aligncenter  wp-image-2028\" src=\"https:\/\/www.montanhismo-guarda.pt\/portal\/wp-content\/uploads\/2017\/03\/Gredos_CMG_2017-707x1024.jpg\" alt=\"\" width=\"467\" height=\"676\" srcset=\"https:\/\/www.montanhismo-guarda.pt\/portal\/wp-content\/uploads\/2017\/03\/Gredos_CMG_2017-707x1024.jpg 707w, https:\/\/www.montanhismo-guarda.pt\/portal\/wp-content\/uploads\/2017\/03\/Gredos_CMG_2017-207x300.jpg 207w, https:\/\/www.montanhismo-guarda.pt\/portal\/wp-content\/uploads\/2017\/03\/Gredos_CMG_2017-768x1112.jpg 768w, https:\/\/www.montanhismo-guarda.pt\/portal\/wp-content\/uploads\/2017\/03\/Gredos_CMG_2017.jpg 1142w\" sizes=\"auto, (max-width: 467px) 100vw, 467px\" \/><\/a><\/p>\n<p>&nbsp;<\/p>\n<p>Encontram-se abertas as inscri\u00e7\u00f5es para a Actividade Invernal no Circo de Gredos 2017 a realizar no fim de semana de 8 e 9 de Abril na Serra de Gredos em Espanha. Esta actividade encontra-se aberta a s\u00f3cios e n\u00e3o-s\u00f3cios do Clube de Montanhismo.<\/p>\n<p>Lembramos que, dependendo das condi\u00e7\u00f5es meteorol\u00f3gicas, do estado do terreno (neve e gelo) e da longa dist\u00e2ncia a percorrer, pode ser uma actividade bastante dura fisicamente sendo poss\u00edvel encontrar passagens delicadas. Por estes motivos esta actividade encontra-se aberta apenas a praticantes com experi\u00eancia no uso de crampons e piolet, bem como, no manuseio das restantes t\u00e9cnicas utilizadas neste g\u00e9nero de atividades.<\/p>\n<p>\u00c9 bom recordar que esta actividade n\u00e3o est\u00e1 apta para quem quer iniciar-se na montanha. A organiza\u00e7\u00e3o lembra os participantes que ir\u00e1 ser rigorosa na escolha do tipo de cal\u00e7ado a utilizar durante a actividade, s\u00f3 ser\u00e1 admitido cal\u00e7ado r\u00edgido ou semirr\u00edgido.<\/p>\n<p><strong><u>\u00a0<\/u><\/strong><\/p>\n<p><strong><u>PROGRAMA <\/u><\/strong><\/p>\n<p><strong><u>HORA E LOCAL DE SA\u00cdDA:<\/u><\/strong>\u00a0Dia 8 (s\u00e1bado) \u00e0s 09h00 na sede do Clube do Montanhismo da Guarda<\/p>\n<p><strong>&#8211; COMPARTICIPA\u00c7\u00c3O PARA TRANSPORTE:<\/strong> S\u00f3cios= 20 euros, n\u00e3o\/s\u00f3cios= 30 euros.<\/p>\n<p><strong>&#8211; SEGURO OBRIGAT\u00d3RIO:<\/strong> seguro FPME ou outro que cubra este tipo de atividades.<\/p>\n<p><strong>&#8211; <u>MATERIAL OBRIGAT\u00d3RIO:<\/u><\/strong>\u00a0Arn\u00eas, 3 mosquet\u00f5es com seguro, m\u00ednimo 1 cordino, 1 descensor, crampons, piolet, capacete, tenda, polainas, botas r\u00edgidas ou semirr\u00edgidas. (Os s\u00f3cio que necessitem algum tipo de material poder\u00e3o fazer a sua requisi\u00e7\u00e3o na Quinta-feira, dia 5 de Abril, pelas 21:00 horas na Sede do Clube, junto do respons\u00e1vel pela actividade. A organiza\u00e7\u00e3o agradece que o material requisitado seja devolvido no final da actividade). <strong>Vestu\u00e1rio: <\/strong>O vestu\u00e1rio ser\u00e1 o adequado a este tipo de atividade invernais.<\/p>\n<p><strong><u>&#8211; PERCURSO:<\/u><\/strong><\/p>\n<p><strong>1\u00ba Dia- <\/strong>Plataforma de Gredos \u2013 Barrerones \u2013 Refugio Elola.<\/p>\n<p><strong>2\u00ba Dia: <\/strong>Refugio Elola \u2013 Hoya Anton \u2013 Portilla del Cramp\u00f3n \u2013 Pico Almanzor \u2013 Portilla de los Cobardes \u2013 Hoya del Ameal &#8211; Canal de los Ge\u00f3grafos \u2013 Refugio Elola \u2013 Barrerones \u2013 Plataforma de Gredos.<\/p>\n<p><strong>NOTA<\/strong>: Tenda \u00e9 facultativa. Os participantes que preferirem pernoitar no Ref\u00fagio Elola ter\u00e3o que fazer reserva antecipadamente.<\/p>\n<p>Ref\u00fagio Elola:<\/p>\n<p>+34 \u00a0920 20 7576<\/p>\n<p>+34 \u00a0918 476 253<\/p>\n<p><strong>\u00a0<\/strong><\/p>\n<p><strong>\u00a0<\/strong><\/p>\n<p><strong>Inscri\u00e7\u00f5es at\u00e9 dia 5 de Abril\u00a0\u00e0s 14:00 horas <\/strong><strong>via e-mail ou para o telef. 271 222 840 (durante o\u00a0hor\u00e1rio\u00a0de atendimento).<\/strong><\/p>\n<p><strong>\u00a0<\/strong><\/p>\n<p><strong>Respons\u00e1vel\u00a0pela actividade:\u00a0S\u00e9rgio Pissarra \u2013 Telem. 967 853 399<\/strong><\/p>\n<p>&nbsp;<\/p>\n","protected":false},"excerpt":{"rendered":"<p>&nbsp; Encontram-se abertas as inscri\u00e7\u00f5es para a Actividade Invernal no Circo de Gredos 2017 a realizar no fim de semana de 8 e 9 de Abril na Serra de Gredos &hellip; <\/p>\n<p class=\"link-more\"><a href=\"https:\/\/www.montanhismo-guarda.pt\/portal\/arquivo\/2027\" class=\"more-link\">Continuar a ler <span class=\"screen-reader-text\">&#8220;Atividade no Circo de Gredos&#8221;<\/span><\/a><\/p>\n","protected":false},"author":1,"featured_media":0,"comment_status":"closed","ping_status":"closed","sticky":false,"template":"","format":"standard","meta":{"_acf_changed":false,"_tec_requires_first_save":true,"_EventAllDay":false,"_EventTimezone":"","_EventStartDate":"","_EventEndDate":"","_EventStartDateUTC":"","_EventEndDateUTC":"","_EventShowMap":false,"_EventShowMapLink":false,"_EventURL":"","_EventCost":"","_EventCostDescription":"","_EventCurrencySymbol":"","_EventCurrencyCode":"","_EventCurrencyPosition":"","_EventDateTimeSeparator":"","_EventTimeRangeSeparator":"","_EventOrganizerID":[],"_EventVenueID":[],"_OrganizerEmail":"","_OrganizerPhone":"","_OrganizerWebsite":"","_VenueAddress":"","_VenueCity":"","_VenueCountry":"","_VenueProvince":"","_VenueState":"","_VenueZip":"","_VenuePhone":"","_VenueURL":"","_VenueStateProvince":"","_VenueLat":"","_VenueLng":"","_VenueShowMap":false,"_VenueShowMapLink":false,"_tribe_blocks_recurrence_rules":"","_tribe_blocks_recurrence_description":"","_tribe_blocks_recurrence_exclusions":"","footnotes":""},"categories":[28],"tags":[35],"class_list":["post-2027","post","type-post","status-publish","format-standard","hentry","category-montanha","tag-sierra-de-gredos"],"acf":[],"_links":{"self":[{"href":"https:\/\/www.montanhismo-guarda.pt\/portal\/wp-json\/wp\/v2\/posts\/2027","targetHints":{"allow":["GET"]}}],"collection":[{"href":"https:\/\/www.montanhismo-guarda.pt\/portal\/wp-json\/wp\/v2\/posts"}],"about":[{"href":"https:\/\/www.montanhismo-guarda.pt\/portal\/wp-json\/wp\/v2\/types\/post"}],"author":[{"embeddable":true,"href":"https:\/\/www.montanhismo-guarda.pt\/portal\/wp-json\/wp\/v2\/users\/1"}],"replies":[{"embeddable":true,"href":"https:\/\/www.montanhismo-guarda.pt\/portal\/wp-json\/wp\/v2\/comments?post=2027"}],"version-history":[{"count":2,"href":"https:\/\/www.montanhismo-guarda.pt\/portal\/wp-json\/wp\/v2\/posts\/2027\/revisions"}],"predecessor-version":[{"id":2030,"href":"https:\/\/www.montanhismo-guarda.pt\/portal\/wp-json\/wp\/v2\/posts\/2027\/revisions\/2030"}],"wp:attachment":[{"href":"https:\/\/www.montanhismo-guarda.pt\/portal\/wp-json\/wp\/v2\/media?parent=2027"}],"wp:term":[{"taxonomy":"category","embeddable":true,"href":"https:\/\/www.montanhismo-guarda.pt\/portal\/wp-json\/wp\/v2\/categories?post=2027"},{"taxonomy":"post_tag","embeddable":true,"href":"https:\/\/www.montanhismo-guarda.pt\/portal\/wp-json\/wp\/v2\/tags?post=2027"}],"curies":[{"name":"wp","href":"https:\/\/api.w.org\/{rel}","templated":true}]}}