{"id":2182,"date":"2018-01-07T22:42:42","date_gmt":"2018-01-07T22:42:42","guid":{"rendered":"http:\/\/www.montanhismo-guarda.pt\/portal\/?p=2182"},"modified":"2018-01-09T22:50:23","modified_gmt":"2018-01-09T22:50:23","slug":"marcha-em-videmonte-4","status":"publish","type":"post","link":"https:\/\/www.montanhismo-guarda.pt\/portal\/arquivo\/2182","title":{"rendered":"Marcha em Videmonte"},"content":{"rendered":"<p><a href=\"https:\/\/www.montanhismo-guarda.pt\/portal\/arquivo\/2182\/marchavidemonte_2018_cmg\" rel=\"attachment wp-att-2183\"><img loading=\"lazy\" decoding=\"async\" class=\"aligncenter wp-image-2183\" src=\"https:\/\/www.montanhismo-guarda.pt\/portal\/wp-content\/uploads\/2018\/01\/MarchaVidemonte_2018_CMG-707x1024.jpg\" alt=\"\" width=\"592\" height=\"857\" srcset=\"https:\/\/www.montanhismo-guarda.pt\/portal\/wp-content\/uploads\/2018\/01\/MarchaVidemonte_2018_CMG-707x1024.jpg 707w, https:\/\/www.montanhismo-guarda.pt\/portal\/wp-content\/uploads\/2018\/01\/MarchaVidemonte_2018_CMG-207x300.jpg 207w, https:\/\/www.montanhismo-guarda.pt\/portal\/wp-content\/uploads\/2018\/01\/MarchaVidemonte_2018_CMG-768x1112.jpg 768w, https:\/\/www.montanhismo-guarda.pt\/portal\/wp-content\/uploads\/2018\/01\/MarchaVidemonte_2018_CMG.jpg 1142w\" sizes=\"auto, (max-width: 592px) 100vw, 592px\" \/><\/a><\/p>\n<div>\n<div>\n<div>\n<div>\n<div>Para dar inicio \u00e0s nossas caminhadas de 2018, vai realizar-se no proximo dia 21 de Janeiro a marcha regional de Videmonte.<\/div>\n<div>As inscri\u00e7\u00f5es\u00a0podem realizar-se at\u00e9 ao dia 18 de Janeiro.<\/div>\n<p>Como habitualmente, e por se tratar de de uma caminhada no interior do PNSE, apenas s\u00e3o permitidas inscri\u00e7\u00f5es a s\u00f3cios do CMG.<\/p>\n<\/div>\n<\/div>\n<p>A concentra\u00e7\u00e3o e partida ser\u00e1 \u00e0s 08:30 na sede do clube, estando o inicio da marcha previsto para as 09:00.<\/p>\n<\/div>\n<p>A\u00a0 valor da comparticipa\u00e7\u00e3o para o transporte \u00e9 de 5:00 \u20ac.<\/p>\n<\/div>\n<div>Os companheiros devem fazer-se acompanhar do respectivo almo\u00e7o.<\/div>\n<div>As inscri\u00e7\u00f5es\u00a0 devem ser feitas atrav\u00e9s do email clube@montanhismo-guarda.pt, ou pelo telem\u00f3vel\u00a0 966 336 862.<\/div>\n<p>&nbsp;<\/p>\n<p>&nbsp;<\/p>\n","protected":false},"excerpt":{"rendered":"<p>Para dar inicio \u00e0s nossas caminhadas de 2018, vai realizar-se no proximo dia 21 de Janeiro a marcha regional de Videmonte. As inscri\u00e7\u00f5es\u00a0podem realizar-se at\u00e9 ao dia 18 de Janeiro. &hellip; <\/p>\n<p class=\"link-more\"><a href=\"https:\/\/www.montanhismo-guarda.pt\/portal\/arquivo\/2182\" class=\"more-link\">Continuar a ler <span class=\"screen-reader-text\">&#8220;Marcha em Videmonte&#8221;<\/span><\/a><\/p>\n","protected":false},"author":1,"featured_media":0,"comment_status":"closed","ping_status":"closed","sticky":false,"template":"","format":"standard","meta":{"_acf_changed":false,"_tec_requires_first_save":true,"_EventAllDay":false,"_EventTimezone":"","_EventStartDate":"","_EventEndDate":"","_EventStartDateUTC":"","_EventEndDateUTC":"","_EventShowMap":false,"_EventShowMapLink":false,"_EventURL":"","_EventCost":"","_EventCostDescription":"","_EventCurrencySymbol":"","_EventCurrencyCode":"","_EventCurrencyPosition":"","_EventDateTimeSeparator":"","_EventTimeRangeSeparator":"","_EventOrganizerID":[],"_EventVenueID":[],"_OrganizerEmail":"","_OrganizerPhone":"","_OrganizerWebsite":"","_VenueAddress":"","_VenueCity":"","_VenueCountry":"","_VenueProvince":"","_VenueState":"","_VenueZip":"","_VenuePhone":"","_VenueURL":"","_VenueStateProvince":"","_VenueLat":"","_VenueLng":"","_VenueShowMap":false,"_VenueShowMapLink":false,"_tribe_blocks_recurrence_rules":"","_tribe_blocks_recurrence_description":"","_tribe_blocks_recurrence_exclusions":"","footnotes":""},"categories":[13],"tags":[64,95],"class_list":["post-2182","post","type-post","status-publish","format-standard","hentry","category-pedestrianismo","tag-serra-da-estrela","tag-videmonte"],"acf":[],"_links":{"self":[{"href":"https:\/\/www.montanhismo-guarda.pt\/portal\/wp-json\/wp\/v2\/posts\/2182","targetHints":{"allow":["GET"]}}],"collection":[{"href":"https:\/\/www.montanhismo-guarda.pt\/portal\/wp-json\/wp\/v2\/posts"}],"about":[{"href":"https:\/\/www.montanhismo-guarda.pt\/portal\/wp-json\/wp\/v2\/types\/post"}],"author":[{"embeddable":true,"href":"https:\/\/www.montanhismo-guarda.pt\/portal\/wp-json\/wp\/v2\/users\/1"}],"replies":[{"embeddable":true,"href":"https:\/\/www.montanhismo-guarda.pt\/portal\/wp-json\/wp\/v2\/comments?post=2182"}],"version-history":[{"count":3,"href":"https:\/\/www.montanhismo-guarda.pt\/portal\/wp-json\/wp\/v2\/posts\/2182\/revisions"}],"predecessor-version":[{"id":2187,"href":"https:\/\/www.montanhismo-guarda.pt\/portal\/wp-json\/wp\/v2\/posts\/2182\/revisions\/2187"}],"wp:attachment":[{"href":"https:\/\/www.montanhismo-guarda.pt\/portal\/wp-json\/wp\/v2\/media?parent=2182"}],"wp:term":[{"taxonomy":"category","embeddable":true,"href":"https:\/\/www.montanhismo-guarda.pt\/portal\/wp-json\/wp\/v2\/categories?post=2182"},{"taxonomy":"post_tag","embeddable":true,"href":"https:\/\/www.montanhismo-guarda.pt\/portal\/wp-json\/wp\/v2\/tags?post=2182"}],"curies":[{"name":"wp","href":"https:\/\/api.w.org\/{rel}","templated":true}]}}