{"id":2372,"date":"2018-09-02T21:17:53","date_gmt":"2018-09-02T21:17:53","guid":{"rendered":"http:\/\/www.montanhismo-guarda.pt\/portal\/?p=2372"},"modified":"2018-09-29T22:45:10","modified_gmt":"2018-09-29T22:45:10","slug":"2372","status":"publish","type":"post","link":"https:\/\/www.montanhismo-guarda.pt\/portal\/arquivo\/2372","title":{"rendered":"Campeonato FPME de Escalada de Dificuldade &#8211; Prova da Guarda"},"content":{"rendered":"<p><a href=\"https:\/\/www.montanhismo-guarda.pt\/portal\/arquivo\/2372\/cartazescalada2018_clubemontanhismoguarda\" rel=\"attachment wp-att-2373\"><img loading=\"lazy\" decoding=\"async\" class=\"aligncenter size-large wp-image-2373\" src=\"https:\/\/www.montanhismo-guarda.pt\/portal\/wp-content\/uploads\/2018\/09\/CartazEscalada2018_ClubeMontanhismoGuarda-717x1024.jpg\" alt=\"\" width=\"717\" height=\"1024\" srcset=\"https:\/\/www.montanhismo-guarda.pt\/portal\/wp-content\/uploads\/2018\/09\/CartazEscalada2018_ClubeMontanhismoGuarda-717x1024.jpg 717w, https:\/\/www.montanhismo-guarda.pt\/portal\/wp-content\/uploads\/2018\/09\/CartazEscalada2018_ClubeMontanhismoGuarda-210x300.jpg 210w, https:\/\/www.montanhismo-guarda.pt\/portal\/wp-content\/uploads\/2018\/09\/CartazEscalada2018_ClubeMontanhismoGuarda-768x1097.jpg 768w, https:\/\/www.montanhismo-guarda.pt\/portal\/wp-content\/uploads\/2018\/09\/CartazEscalada2018_ClubeMontanhismoGuarda.jpg 1120w\" sizes=\"auto, (max-width: 717px) 100vw, 717px\" \/><\/a><\/p>\n<p>Encontram-se abertas as inscri\u00e7\u00f5es para a 2\u00aa prova de escalada de dificuldade do circuito de escalada de dificuldade da Federa\u00e7\u00e3o Portuguesa de Montanhismo e Escalada. A prova ser\u00e1 realizada nos dias 20 e 21 de Outubro no Pavilh\u00e3o Municipal de S\u00e3o Miguel, na Guarda.<\/p>\n<p>&nbsp;<\/p>\n<p>INSCRI\u00c7\u00d5ES:\u00a0<a href=\"https:\/\/docs.google.com\/forms\/d\/e\/1FAIpQLSfo8-aPNjNRwNoHdlqJ3BvwXsOgBbLNwQl5xuw8PpAyS30T7Q\/viewform\">CLICAR PARA ABRIR FORMUL\u00c1RIO<\/a><\/p>\n<p>DECLARA\u00c7\u00c3O PARA MENORES DE IDADE:\u00a0<a href=\"https:\/\/www.montanhismo-guarda.pt\/portal\/arquivo\/2096\/dec_autiriz_menor_provas\" rel=\"attachment wp-att-2098\">DESCARREGAR AQUI<\/a><\/p>\n<p><a href=\"https:\/\/www.montanhismo-guarda.pt\/portal\/wp-content\/uploads\/2018\/09\/Campeonato-FPME-de-Escalada-de-Dificuldade-resumo-regulamento-2018.pdf\">Regulamento Campeonato FPME de Escalada de Dificuldade<\/a><\/p>\n<p>Valores e prazos:<\/p>\n<p>10\u20ac &#8211; Federados FPME com licen\u00e7a anual n\u00edvel 3 (ou atletas escolares federados FPME com licen\u00e7a n\u00edvel 0) e que se inscrevam at\u00e9 \u00e0s 17h00m do dia 19 de outubro;<\/p>\n<p>12\u20ac &#8211; Federados FPME com licen\u00e7a anual n\u00edvel 3 (ou atletas escolares federados FPME com licen\u00e7a n\u00edvel 0) e que se inscrevam ap\u00f3s as 17h00m do dia 19 de outubro;<\/p>\n<p>15\u20ac &#8211; N\u00e3o Federados FPME ao qual acresce a taxa de 4\u20ac para requisi\u00e7\u00e3o do seguro que dever\u00e1 ser adquirido no dia da prova, junto da organiza\u00e7\u00e3o.<\/p>\n<p>Gratis\u00a0\u2013 S\u00f3cios do Clube de Montanhismo da Guarda com cotas em dia e inscritos pelo clube\u00a0e que se inscrevam at\u00e9 \u00e0s 17h00m do dia 19 de outubro;<\/p>\n<p>Todos os pagamentos dever\u00e3o ser efetuados por transfer\u00eancia banc\u00e1ria para:<br \/>\nNIB 0035 0360 0003 3879 4311 7<br \/>\nIBAN PT50 0035 0360 0003 3879 4311 7<\/p>\n<p>Comprovativos de transfer\u00eancia banc\u00e1ria e declara\u00e7\u00e3o para menores de idade dever\u00e3o ser enviados para o email clube@montanhismo-guarda.pt<\/p>\n<p>DORMIDAS:<\/p>\n<p>Haver\u00e1\u00a0a possibilidade de dormida em solo duro nas noites de 19\/20 e 20\/21 de Outubro. Os interessados dever\u00e3o enviar email a mencionar essa inten\u00e7\u00e3o. A dormida em solo duro ser\u00e1 num sal\u00e3o do est\u00e1dio municipal (consultar mapa).<\/p>\n<p>LOCALIZA\u00c7\u00d5ES:<\/p>\n<p><iframe loading=\"lazy\" src=\"https:\/\/www.google.com\/maps\/d\/embed?mid=1C-ndLR-FXRxG0jJS21r5ZDgw0fk\" width=\"640\" height=\"480\"><\/iframe><\/p>\n","protected":false},"excerpt":{"rendered":"<p>Encontram-se abertas as inscri\u00e7\u00f5es para a 2\u00aa prova de escalada de dificuldade do circuito de escalada de dificuldade da Federa\u00e7\u00e3o Portuguesa de Montanhismo e Escalada. A prova ser\u00e1 realizada nos &hellip; <\/p>\n<p class=\"link-more\"><a href=\"https:\/\/www.montanhismo-guarda.pt\/portal\/arquivo\/2372\" class=\"more-link\">Continuar a ler <span class=\"screen-reader-text\">&#8220;Campeonato FPME de Escalada de Dificuldade &#8211; Prova da Guarda&#8221;<\/span><\/a><\/p>\n","protected":false},"author":1,"featured_media":0,"comment_status":"closed","ping_status":"closed","sticky":false,"template":"","format":"standard","meta":{"_acf_changed":false,"_tec_requires_first_save":true,"_EventAllDay":false,"_EventTimezone":"","_EventStartDate":"","_EventEndDate":"","_EventStartDateUTC":"","_EventEndDateUTC":"","_EventShowMap":false,"_EventShowMapLink":false,"_EventURL":"","_EventCost":"","_EventCostDescription":"","_EventCurrencySymbol":"","_EventCurrencyCode":"","_EventCurrencyPosition":"","_EventDateTimeSeparator":"","_EventTimeRangeSeparator":"","_EventOrganizerID":[],"_EventVenueID":[],"_OrganizerEmail":"","_OrganizerPhone":"","_OrganizerWebsite":"","_VenueAddress":"","_VenueCity":"","_VenueCountry":"","_VenueProvince":"","_VenueState":"","_VenueZip":"","_VenuePhone":"","_VenueURL":"","_VenueStateProvince":"","_VenueLat":"","_VenueLng":"","_VenueShowMap":false,"_VenueShowMapLink":false,"_tribe_blocks_recurrence_rules":"","_tribe_blocks_recurrence_description":"","_tribe_blocks_recurrence_exclusions":"","footnotes":""},"categories":[5],"tags":[87],"class_list":["post-2372","post","type-post","status-publish","format-standard","hentry","category-escalada","tag-competicao-de-escalada"],"acf":[],"_links":{"self":[{"href":"https:\/\/www.montanhismo-guarda.pt\/portal\/wp-json\/wp\/v2\/posts\/2372","targetHints":{"allow":["GET"]}}],"collection":[{"href":"https:\/\/www.montanhismo-guarda.pt\/portal\/wp-json\/wp\/v2\/posts"}],"about":[{"href":"https:\/\/www.montanhismo-guarda.pt\/portal\/wp-json\/wp\/v2\/types\/post"}],"author":[{"embeddable":true,"href":"https:\/\/www.montanhismo-guarda.pt\/portal\/wp-json\/wp\/v2\/users\/1"}],"replies":[{"embeddable":true,"href":"https:\/\/www.montanhismo-guarda.pt\/portal\/wp-json\/wp\/v2\/comments?post=2372"}],"version-history":[{"count":7,"href":"https:\/\/www.montanhismo-guarda.pt\/portal\/wp-json\/wp\/v2\/posts\/2372\/revisions"}],"predecessor-version":[{"id":2381,"href":"https:\/\/www.montanhismo-guarda.pt\/portal\/wp-json\/wp\/v2\/posts\/2372\/revisions\/2381"}],"wp:attachment":[{"href":"https:\/\/www.montanhismo-guarda.pt\/portal\/wp-json\/wp\/v2\/media?parent=2372"}],"wp:term":[{"taxonomy":"category","embeddable":true,"href":"https:\/\/www.montanhismo-guarda.pt\/portal\/wp-json\/wp\/v2\/categories?post=2372"},{"taxonomy":"post_tag","embeddable":true,"href":"https:\/\/www.montanhismo-guarda.pt\/portal\/wp-json\/wp\/v2\/tags?post=2372"}],"curies":[{"name":"wp","href":"https:\/\/api.w.org\/{rel}","templated":true}]}}