{"id":2383,"date":"2018-10-02T07:06:55","date_gmt":"2018-10-02T07:06:55","guid":{"rendered":"http:\/\/www.montanhismo-guarda.pt\/portal\/?p=2383"},"modified":"2018-10-20T07:08:37","modified_gmt":"2018-10-20T07:08:37","slug":"marcha-regional-penamacor","status":"publish","type":"post","link":"https:\/\/www.montanhismo-guarda.pt\/portal\/arquivo\/2383","title":{"rendered":"Marcha Regional &#8211; Penamacor"},"content":{"rendered":"<p><a href=\"https:\/\/www.montanhismo-guarda.pt\/portal\/arquivo\/2383\/marchapenamacor_2018_cmg\" rel=\"attachment wp-att-2384\"><img loading=\"lazy\" decoding=\"async\" class=\"aligncenter size-large wp-image-2384\" src=\"https:\/\/www.montanhismo-guarda.pt\/portal\/wp-content\/uploads\/2018\/10\/MarchaPenamacor_2018_CMG-707x1024.jpg\" alt=\"\" width=\"707\" height=\"1024\" srcset=\"https:\/\/www.montanhismo-guarda.pt\/portal\/wp-content\/uploads\/2018\/10\/MarchaPenamacor_2018_CMG-707x1024.jpg 707w, https:\/\/www.montanhismo-guarda.pt\/portal\/wp-content\/uploads\/2018\/10\/MarchaPenamacor_2018_CMG-207x300.jpg 207w, https:\/\/www.montanhismo-guarda.pt\/portal\/wp-content\/uploads\/2018\/10\/MarchaPenamacor_2018_CMG-768x1112.jpg 768w, https:\/\/www.montanhismo-guarda.pt\/portal\/wp-content\/uploads\/2018\/10\/MarchaPenamacor_2018_CMG.jpg 1142w\" sizes=\"auto, (max-width: 707px) 100vw, 707px\" \/><\/a><\/p>\n<p>&nbsp;<\/p>\n<p><b>TIPO DE ACTIVIDADE:\u00a0<\/b>Caminhada<\/p>\n<p><b>DURA\u00c7\u00c3O:\u00a0<\/b>4 horas (aproximadamente)<\/p>\n<p><b>DIST\u00c2NCIA:<\/b>\u00a014 Kms<\/p>\n<p><b>DIFICULDADE T\u00c9CNICA:\u00a0<\/b>media\/baixa<\/p>\n<p><b>DIFICULDADE F\u00cdSICA<\/b>: media\/baixa<\/p>\n<p><b>LOCAL DE\u00a0SA\u00cdDA:<\/b>\u00a0Sede do CMG<\/p>\n<p><b>DIA E HORA:<\/b>\u00a028 de\u00a0 Outubro\u00a0 &#8211;\u00a0 07:45 horas<\/p>\n<p><b>INICIO DA ACTIVIDADE:<\/b>\u00a09:00\u00a0 (Penamacor)<\/p>\n<p><b>COMPARTICIPA\u00c7\u00c3O PARA LOG\u00cdSTICA\u00a0DA ACTIVIDADE<\/b><b>:\u00a0<\/b>5:00 euros (s\u00f3cios do CMG) \/ 10:00 (n\u00e3o s\u00f3cios CMG)<\/p>\n<p><b>MATERIAL ACONSELH\u00c1VEL:\u00a0Cal\u00e7ado confort\u00e1vel\u00a0de caminhada, corta-vento, cantil, bast\u00f5es de caminhada e mochila com refor\u00e7o alimentar<br \/>\n<\/b><\/p>\n<p><b>PERCURSO:<\/b>\u00a0Circular com inicio e fim em Penamacor<\/p>\n<p><b>INSCRI\u00c7\u00d5ES:\u00a0<\/b>at\u00e9 dia 24\u00a0 de Outubro ,preferencialmente\u00a0 via e-mail\u00a0<a href=\"mailto:clube@montanhismo-guarda.pt\" target=\"_blank\" rel=\"noopener noreferrer\"><span class=\"il\">clube@montanhismo-guarda.pt<\/span><\/a>\u00a0 ou pelo tlm 966 336 862<\/p>\n<p><span style=\"font-size: small;\">ALMO\u00c7O &#8211; Da responsabilidade de cada participante.<\/span><\/p>\n","protected":false},"excerpt":{"rendered":"<p>&nbsp; TIPO DE ACTIVIDADE:\u00a0Caminhada DURA\u00c7\u00c3O:\u00a04 horas (aproximadamente) DIST\u00c2NCIA:\u00a014 Kms DIFICULDADE T\u00c9CNICA:\u00a0media\/baixa DIFICULDADE F\u00cdSICA: media\/baixa LOCAL DE\u00a0SA\u00cdDA:\u00a0Sede do CMG DIA E HORA:\u00a028 de\u00a0 Outubro\u00a0 &#8211;\u00a0 07:45 horas INICIO DA ACTIVIDADE:\u00a09:00\u00a0 (Penamacor) &hellip; <\/p>\n<p class=\"link-more\"><a href=\"https:\/\/www.montanhismo-guarda.pt\/portal\/arquivo\/2383\" class=\"more-link\">Continuar a ler <span class=\"screen-reader-text\">&#8220;Marcha Regional &#8211; Penamacor&#8221;<\/span><\/a><\/p>\n","protected":false},"author":1,"featured_media":0,"comment_status":"closed","ping_status":"closed","sticky":false,"template":"","format":"standard","meta":{"_acf_changed":false,"_tec_requires_first_save":true,"_EventAllDay":false,"_EventTimezone":"","_EventStartDate":"","_EventEndDate":"","_EventStartDateUTC":"","_EventEndDateUTC":"","_EventShowMap":false,"_EventShowMapLink":false,"_EventURL":"","_EventCost":"","_EventCostDescription":"","_EventCurrencySymbol":"","_EventCurrencyCode":"","_EventCurrencyPosition":"","_EventDateTimeSeparator":"","_EventTimeRangeSeparator":"","_EventOrganizerID":[],"_EventVenueID":[],"_OrganizerEmail":"","_OrganizerPhone":"","_OrganizerWebsite":"","_VenueAddress":"","_VenueCity":"","_VenueCountry":"","_VenueProvince":"","_VenueState":"","_VenueZip":"","_VenuePhone":"","_VenueURL":"","_VenueStateProvince":"","_VenueLat":"","_VenueLng":"","_VenueShowMap":false,"_VenueShowMapLink":false,"_tribe_blocks_recurrence_rules":"","_tribe_blocks_recurrence_description":"","_tribe_blocks_recurrence_exclusions":"","footnotes":""},"categories":[13],"tags":[],"class_list":["post-2383","post","type-post","status-publish","format-standard","hentry","category-pedestrianismo"],"acf":[],"_links":{"self":[{"href":"https:\/\/www.montanhismo-guarda.pt\/portal\/wp-json\/wp\/v2\/posts\/2383","targetHints":{"allow":["GET"]}}],"collection":[{"href":"https:\/\/www.montanhismo-guarda.pt\/portal\/wp-json\/wp\/v2\/posts"}],"about":[{"href":"https:\/\/www.montanhismo-guarda.pt\/portal\/wp-json\/wp\/v2\/types\/post"}],"author":[{"embeddable":true,"href":"https:\/\/www.montanhismo-guarda.pt\/portal\/wp-json\/wp\/v2\/users\/1"}],"replies":[{"embeddable":true,"href":"https:\/\/www.montanhismo-guarda.pt\/portal\/wp-json\/wp\/v2\/comments?post=2383"}],"version-history":[{"count":2,"href":"https:\/\/www.montanhismo-guarda.pt\/portal\/wp-json\/wp\/v2\/posts\/2383\/revisions"}],"predecessor-version":[{"id":2386,"href":"https:\/\/www.montanhismo-guarda.pt\/portal\/wp-json\/wp\/v2\/posts\/2383\/revisions\/2386"}],"wp:attachment":[{"href":"https:\/\/www.montanhismo-guarda.pt\/portal\/wp-json\/wp\/v2\/media?parent=2383"}],"wp:term":[{"taxonomy":"category","embeddable":true,"href":"https:\/\/www.montanhismo-guarda.pt\/portal\/wp-json\/wp\/v2\/categories?post=2383"},{"taxonomy":"post_tag","embeddable":true,"href":"https:\/\/www.montanhismo-guarda.pt\/portal\/wp-json\/wp\/v2\/tags?post=2383"}],"curies":[{"name":"wp","href":"https:\/\/api.w.org\/{rel}","templated":true}]}}