{"id":2561,"date":"2020-01-09T22:22:49","date_gmt":"2020-01-09T22:22:49","guid":{"rendered":"http:\/\/www.montanhismo-guarda.pt\/portal\/?p=2561"},"modified":"2020-01-15T16:53:14","modified_gmt":"2020-01-15T16:53:14","slug":"travessia-do-macico-central-da-serra-da-estrela-2020","status":"publish","type":"post","link":"https:\/\/www.montanhismo-guarda.pt\/portal\/arquivo\/2561","title":{"rendered":"Travessia do Maci\u00e7o Central da Serra da Estrela 2020"},"content":{"rendered":"<p>&nbsp;<\/p>\n<p><a href=\"https:\/\/www.montanhismo-guarda.pt\/portal\/arquivo\/2561\/cartaz_travessiamacicocentralse_19-01-2019-2\" rel=\"attachment wp-att-2563\"><img loading=\"lazy\" decoding=\"async\" class=\"aligncenter size-large wp-image-2563\" src=\"https:\/\/www.montanhismo-guarda.pt\/portal\/wp-content\/uploads\/2020\/01\/Cartaz_TravessiaMa\u00e7icoCentralSE_19-01-2019-1-724x1024.jpg\" alt=\"\" width=\"724\" height=\"1024\" srcset=\"https:\/\/www.montanhismo-guarda.pt\/portal\/wp-content\/uploads\/2020\/01\/Cartaz_TravessiaMa\u00e7icoCentralSE_19-01-2019-1-724x1024.jpg 724w, https:\/\/www.montanhismo-guarda.pt\/portal\/wp-content\/uploads\/2020\/01\/Cartaz_TravessiaMa\u00e7icoCentralSE_19-01-2019-1-212x300.jpg 212w, https:\/\/www.montanhismo-guarda.pt\/portal\/wp-content\/uploads\/2020\/01\/Cartaz_TravessiaMa\u00e7icoCentralSE_19-01-2019-1-768x1086.jpg 768w, https:\/\/www.montanhismo-guarda.pt\/portal\/wp-content\/uploads\/2020\/01\/Cartaz_TravessiaMa\u00e7icoCentralSE_19-01-2019-1.jpg 1170w\" sizes=\"auto, (max-width: 724px) 100vw, 724px\" \/><\/a><\/p>\n<p><strong>NOME DA ACTIVIDADE:<\/strong> Travessia do Maci\u00e7o Central da Serra da Estrela 2020<\/p>\n<p><strong>TIPO DE ACTIVIDADE:\u00a0<\/strong>Travessia em autonomia em ambiente de montanha<\/p>\n<p><strong>DIA: <\/strong>19 de Janeiro de 2020<\/p>\n<p><strong>DURA\u00c7\u00c3O:<\/strong>\u00a0 (+ ou -) 8 horas<\/p>\n<p><strong>DIST\u00c2NCIA:\u00a0 <\/strong>15 km<\/p>\n<p><strong>DIFICULDADE T\u00c9CNICA:<\/strong>\u00a0F\u00e1cil<\/p>\n<p><strong>DIFICULDADE F\u00cdSICA:<\/strong> Dif\u00edcil<\/p>\n<p><strong>LOCAL DE\u00a0SA\u00cdDA:<\/strong>\u00a0Sede do CMG (Largo do Torre\u00e3o, Guarda)<\/p>\n<p><strong>DIA E HORA:<\/strong>\u00a019 de Janeiro pelas 07:00 horas<\/p>\n<p><strong>IN\u00cdCIO DA ACTIVIDADE:<\/strong>\u00a0Vale das \u00c9guas (Penhas Douradas, Serra da Estrela)<\/p>\n<p><strong>COMPARTICIPA\u00c7\u00c3O PARA LOG\u00cdSTICA\u00a0DA ACTIVIDADE:<\/strong>\u00a05\u00a0euros (s\u00f3cios do CMG)<\/p>\n<p><strong>MATERIAL ACONSELH\u00c1VEL:<\/strong>\u00a0\u00a0Cal\u00e7ado\u00a0confort\u00e1vel e robusto (botas preferencialmente), bast\u00f5es, polainas, corta-vento, gorro, luvas e todo o equipamento individual necess\u00e1rio para uma travessia em montanha em per\u00edodo invernal. O material t\u00e9cnico individual necess\u00e1rio (piolet e crampons) ser\u00e1 de acordo com as condi\u00e7\u00f5es de neve e gelo verificadas na altura da atividade.<\/p>\n<p><strong>PERCURSO:\u00a0<\/strong> Vale das \u00c9guas \u2013 Perdigueira \u2013 Nave da Mestra \u2013 Barros Vermelhos \u2013 Cume \u2013 Salgadeiras (Charcas) \u2013 C\u00e2ntaro Gordo \u2013 Cov\u00e3o Cimeiro \u2013 Cov\u00e3o D\u2019Ametade<\/p>\n<p><strong>OBSERVA\u00c7\u00d5ES:<\/strong>\u00a0Esta travessia destina-se a s\u00f3cios do Clube de Montanhismo da Guarda com experi\u00eancia em atividades de montanha. Todos os participantes dever\u00e3o obrigatoriamente estar na posse de seguro FPME ou outro que cubra este tipo de atividades.<\/p>\n<p><strong>INSCRI\u00c7\u00d5ES:<\/strong>\u00a0at\u00e9 dia 15 de Janeiro,\u00a0via e-mail\u00a0(<a href=\"mailto:clube@montanhismo-guarda.pt\">clube@montanhismo-guarda.pt<\/a>) ou na sede do clube (<a href=\"https:\/\/www.montanhismo-guarda.pt\/portal\/contactos\">durante o hor\u00e1rio\u00a0de atendimento<\/a>).<\/p>\n<p><strong>RESPONS\u00c1VEIS PELA ACTIVIDADE:<\/strong>\u00a0S\u00e9rgio Pissarra (Contacto: 967 853 399) <\/p>\n<p>&nbsp;<\/p>\n<p><a href=\"https:\/\/calendar.google.com\/event?action=TEMPLATE&amp;tmeid=M2JzdDMyaWFlODJ2OG83cmpoMDZjcTJnMGggc3B2bnA3bW44bW9wZWc5bTVtZG1nc2NpZWtAZw&amp;tmsrc=spvnp7mn8mopeg9m5mdmgsciek%40group.calendar.google.com\" target=\"_blank\" rel=\"noopener noreferrer\"><img decoding=\"async\" src=\"https:\/\/www.google.com\/calendar\/images\/ext\/gc_button1_pt-PT.gif\" border=\"0\" \/><\/a><\/p>\n","protected":false},"excerpt":{"rendered":"<p>&nbsp; NOME DA ACTIVIDADE: Travessia do Maci\u00e7o Central da Serra da Estrela 2020 TIPO DE ACTIVIDADE:\u00a0Travessia em autonomia em ambiente de montanha DIA: 19 de Janeiro de 2020 DURA\u00c7\u00c3O:\u00a0 (+ &hellip; <\/p>\n<p class=\"link-more\"><a href=\"https:\/\/www.montanhismo-guarda.pt\/portal\/arquivo\/2561\" class=\"more-link\">Continuar a ler <span class=\"screen-reader-text\">&#8220;Travessia do Maci\u00e7o Central da Serra da Estrela 2020&#8221;<\/span><\/a><\/p>\n","protected":false},"author":1,"featured_media":0,"comment_status":"closed","ping_status":"closed","sticky":false,"template":"","format":"standard","meta":{"_acf_changed":false,"_tec_requires_first_save":true,"_EventAllDay":false,"_EventTimezone":"","_EventStartDate":"","_EventEndDate":"","_EventStartDateUTC":"","_EventEndDateUTC":"","_EventShowMap":false,"_EventShowMapLink":false,"_EventURL":"","_EventCost":"","_EventCostDescription":"","_EventCurrencySymbol":"","_EventCurrencyCode":"","_EventCurrencyPosition":"","_EventDateTimeSeparator":"","_EventTimeRangeSeparator":"","_EventOrganizerID":[],"_EventVenueID":[],"_OrganizerEmail":"","_OrganizerPhone":"","_OrganizerWebsite":"","_VenueAddress":"","_VenueCity":"","_VenueCountry":"","_VenueProvince":"","_VenueState":"","_VenueZip":"","_VenuePhone":"","_VenueURL":"","_VenueStateProvince":"","_VenueLat":"","_VenueLng":"","_VenueShowMap":false,"_VenueShowMapLink":false,"_tribe_blocks_recurrence_rules":"","_tribe_blocks_recurrence_description":"","_tribe_blocks_recurrence_exclusions":"","footnotes":""},"categories":[28],"tags":[64,73],"class_list":["post-2561","post","type-post","status-publish","format-standard","hentry","category-montanha","tag-serra-da-estrela","tag-travessias-de-montanha"],"acf":[],"_links":{"self":[{"href":"https:\/\/www.montanhismo-guarda.pt\/portal\/wp-json\/wp\/v2\/posts\/2561","targetHints":{"allow":["GET"]}}],"collection":[{"href":"https:\/\/www.montanhismo-guarda.pt\/portal\/wp-json\/wp\/v2\/posts"}],"about":[{"href":"https:\/\/www.montanhismo-guarda.pt\/portal\/wp-json\/wp\/v2\/types\/post"}],"author":[{"embeddable":true,"href":"https:\/\/www.montanhismo-guarda.pt\/portal\/wp-json\/wp\/v2\/users\/1"}],"replies":[{"embeddable":true,"href":"https:\/\/www.montanhismo-guarda.pt\/portal\/wp-json\/wp\/v2\/comments?post=2561"}],"version-history":[{"count":4,"href":"https:\/\/www.montanhismo-guarda.pt\/portal\/wp-json\/wp\/v2\/posts\/2561\/revisions"}],"predecessor-version":[{"id":2577,"href":"https:\/\/www.montanhismo-guarda.pt\/portal\/wp-json\/wp\/v2\/posts\/2561\/revisions\/2577"}],"wp:attachment":[{"href":"https:\/\/www.montanhismo-guarda.pt\/portal\/wp-json\/wp\/v2\/media?parent=2561"}],"wp:term":[{"taxonomy":"category","embeddable":true,"href":"https:\/\/www.montanhismo-guarda.pt\/portal\/wp-json\/wp\/v2\/categories?post=2561"},{"taxonomy":"post_tag","embeddable":true,"href":"https:\/\/www.montanhismo-guarda.pt\/portal\/wp-json\/wp\/v2\/tags?post=2561"}],"curies":[{"name":"wp","href":"https:\/\/api.w.org\/{rel}","templated":true}]}}