{"id":2579,"date":"2020-01-17T19:02:54","date_gmt":"2020-01-17T19:02:54","guid":{"rendered":"http:\/\/www.montanhismo-guarda.pt\/portal\/?p=2579"},"modified":"2020-01-27T12:28:20","modified_gmt":"2020-01-27T12:28:20","slug":"xix-travessia-invernal-da-serra-de-bejar","status":"publish","type":"post","link":"https:\/\/www.montanhismo-guarda.pt\/portal\/arquivo\/2579","title":{"rendered":"XIX Travessia Invernal da Serra de B\u00e9jar"},"content":{"rendered":"<p><a href=\"https:\/\/www.montanhismo-guarda.pt\/portal\/arquivo\/2579\/cartaz_travessiainvernalserrabejar_fevereiro2020_1\" rel=\"attachment wp-att-2580\"><img loading=\"lazy\" decoding=\"async\" class=\"aligncenter size-large wp-image-2580\" src=\"https:\/\/www.montanhismo-guarda.pt\/portal\/wp-content\/uploads\/2020\/01\/Cartaz_TravessiaInvernalSerraB\u00e9jar_Fevereiro2020_1-724x1024.jpg\" alt=\"\" width=\"724\" height=\"1024\" srcset=\"https:\/\/www.montanhismo-guarda.pt\/portal\/wp-content\/uploads\/2020\/01\/Cartaz_TravessiaInvernalSerraB\u00e9jar_Fevereiro2020_1-724x1024.jpg 724w, https:\/\/www.montanhismo-guarda.pt\/portal\/wp-content\/uploads\/2020\/01\/Cartaz_TravessiaInvernalSerraB\u00e9jar_Fevereiro2020_1-212x300.jpg 212w, https:\/\/www.montanhismo-guarda.pt\/portal\/wp-content\/uploads\/2020\/01\/Cartaz_TravessiaInvernalSerraB\u00e9jar_Fevereiro2020_1-768x1086.jpg 768w, https:\/\/www.montanhismo-guarda.pt\/portal\/wp-content\/uploads\/2020\/01\/Cartaz_TravessiaInvernalSerraB\u00e9jar_Fevereiro2020_1.jpg 1170w\" sizes=\"auto, (max-width: 724px) 100vw, 724px\" \/><\/a><\/p>\n<p><b>NOME DA ACTIVIDADE:<\/b> XIX Travessia Invernal da Serra de B\u00e9jar<\/p>\n<p><b>TIPO DE ACTIVIDADE:\u00a0<\/b>Travessia em autonomia em ambiente de montanha<\/p>\n<p><b>DIA: <\/b>1 e 2 de Fevereiro de 2020<\/p>\n<p><b>DURA\u00c7\u00c3O:<\/b>\u00a0 (+ ou -) 10 horas<\/p>\n<p><b>DIST\u00c2NCIA:\u00a0 <\/b>(+ ou -) 15 km<\/p>\n<p><b>DIFICULDADE T\u00c9CNICA:<\/b>\u00a0Dif\u00edcil<\/p>\n<p><b>DIFICULDADE F\u00cdSICA:<\/b> Dif\u00edcil<\/p>\n<p><b>LOCAL DE\u00a0SA\u00cdDA:<\/b>\u00a0Sede do CMG (Largo do Torre\u00e3o, Guarda)<\/p>\n<p><b>DIA E HORA:<\/b>\u00a01 de Fevereiro pelas 14:00 horas<\/p>\n<p><b>IN\u00cdCIO DA ACTIVIDADE:<\/b>\u00a0Central del Chorro (Solana de \u00c1vila, Serra de B\u00e9jar, Espanha)<\/p>\n<p><b>COMPARTICIPA\u00c7\u00c3O PARA LOG\u00cdSTICA\u00a0DA ACTIVIDADE:<\/b>\u00a015\u00a0euros (s\u00f3cios do CMG)<\/p>\n<p><b>MATERIAL ACONSELH\u00c1VEL:<\/b>\u00a0\u00a0Arn\u00eas, 4 mosquet\u00f5es com seguro, m\u00ednimo 1 cordino, 1 descensor, crampons, piolet, capacete, mochila de ataque, polainas, botas r\u00edgidas ou semi-r\u00edgidas e uma tenda. No que diz respeito ao vestu\u00e1rio os participantes ter\u00e3o que estar na posse de roupa adequada para este g\u00e9nero de travessias invernais, como por exemplo, gorro, luvas, corta-vento, etc. (Os s\u00f3cio que necessitem algum tipo de material t\u00e9cnico poder\u00e3o fazer a sua requisi\u00e7\u00e3o na quarta-feira, dia 29 de Janeiro, pelas 21:30 horas na Sede do Clube, junto do respons\u00e1vel pela atividade. A organiza\u00e7\u00e3o agradece que o material requisitado seja devolvido no final da atividade.)<\/p>\n<p><b>PERCURSO:\u00a0<\/b>Central del Chorro (Solana de \u00c1vila) &#8211; Laguna Del Duque &#8211; Cuerda de los Asperones- Portilla de Talamanca- Agujas de Hoya Moros- La Ceja \u2013 Calvitero \u2013 2\u00aa Plataforma de Travieso ou 1\u00aa Plataforma de Travieso, dependendo do estado da estrada.<\/p>\n<p><b>OBSERVA\u00c7\u00d5ES:<\/b>\u00a0Esta travessia destina-se exclusivamente a s\u00f3cios do Clube de Montanhismo da Guarda com experi\u00eancia em atividades de montanha. Todos os participantes dever\u00e3o obrigatoriamente estar na posse de seguro FPME ou outro que cubra este tipo de atividades.<\/p>\n<p><b>INSCRI\u00c7\u00d5ES:<\/b>\u00a0at\u00e9 dia 29 de Janeiro,\u00a0via e-mail\u00a0(<a href=\"mailto:clube@montanhismo-guarda.pt\">clube@montanhismo-guarda.pt<\/a>) ou na sede do clube (<a href=\"https:\/\/www.montanhismo-guarda.pt\/portal\/contactos\">durante o hor\u00e1rio\u00a0de atendimento<\/a>).<\/p>\n<p><b>RESPONS\u00c1VEIS PELA ACTIVIDADE:<\/b>\u00a0S\u00e9rgio Pissarra (Contacto: 967 853 399)<\/p>\n","protected":false},"excerpt":{"rendered":"<p>NOME DA ACTIVIDADE: XIX Travessia Invernal da Serra de B\u00e9jar TIPO DE ACTIVIDADE:\u00a0Travessia em autonomia em ambiente de montanha DIA: 1 e 2 de Fevereiro de 2020 DURA\u00c7\u00c3O:\u00a0 (+ ou &hellip; <\/p>\n<p class=\"link-more\"><a href=\"https:\/\/www.montanhismo-guarda.pt\/portal\/arquivo\/2579\" class=\"more-link\">Continuar a ler <span class=\"screen-reader-text\">&#8220;XIX Travessia Invernal da Serra de B\u00e9jar&#8221;<\/span><\/a><\/p>\n","protected":false},"author":1,"featured_media":0,"comment_status":"closed","ping_status":"closed","sticky":false,"template":"","format":"standard","meta":{"_acf_changed":false,"_tec_requires_first_save":true,"_EventAllDay":false,"_EventTimezone":"","_EventStartDate":"","_EventEndDate":"","_EventStartDateUTC":"","_EventEndDateUTC":"","_EventShowMap":false,"_EventShowMapLink":false,"_EventURL":"","_EventCost":"","_EventCostDescription":"","_EventCurrencySymbol":"","_EventCurrencyCode":"","_EventCurrencyPosition":"","_EventDateTimeSeparator":"","_EventTimeRangeSeparator":"","_EventOrganizerID":[],"_EventVenueID":[],"_OrganizerEmail":"","_OrganizerPhone":"","_OrganizerWebsite":"","_VenueAddress":"","_VenueCity":"","_VenueCountry":"","_VenueProvince":"","_VenueState":"","_VenueZip":"","_VenuePhone":"","_VenueURL":"","_VenueStateProvince":"","_VenueLat":"","_VenueLng":"","_VenueShowMap":false,"_VenueShowMapLink":false,"_tribe_blocks_recurrence_rules":"","_tribe_blocks_recurrence_description":"","_tribe_blocks_recurrence_exclusions":"","footnotes":""},"categories":[1],"tags":[],"class_list":["post-2579","post","type-post","status-publish","format-standard","hentry","category-informacoes"],"acf":[],"_links":{"self":[{"href":"https:\/\/www.montanhismo-guarda.pt\/portal\/wp-json\/wp\/v2\/posts\/2579","targetHints":{"allow":["GET"]}}],"collection":[{"href":"https:\/\/www.montanhismo-guarda.pt\/portal\/wp-json\/wp\/v2\/posts"}],"about":[{"href":"https:\/\/www.montanhismo-guarda.pt\/portal\/wp-json\/wp\/v2\/types\/post"}],"author":[{"embeddable":true,"href":"https:\/\/www.montanhismo-guarda.pt\/portal\/wp-json\/wp\/v2\/users\/1"}],"replies":[{"embeddable":true,"href":"https:\/\/www.montanhismo-guarda.pt\/portal\/wp-json\/wp\/v2\/comments?post=2579"}],"version-history":[{"count":4,"href":"https:\/\/www.montanhismo-guarda.pt\/portal\/wp-json\/wp\/v2\/posts\/2579\/revisions"}],"predecessor-version":[{"id":2664,"href":"https:\/\/www.montanhismo-guarda.pt\/portal\/wp-json\/wp\/v2\/posts\/2579\/revisions\/2664"}],"wp:attachment":[{"href":"https:\/\/www.montanhismo-guarda.pt\/portal\/wp-json\/wp\/v2\/media?parent=2579"}],"wp:term":[{"taxonomy":"category","embeddable":true,"href":"https:\/\/www.montanhismo-guarda.pt\/portal\/wp-json\/wp\/v2\/categories?post=2579"},{"taxonomy":"post_tag","embeddable":true,"href":"https:\/\/www.montanhismo-guarda.pt\/portal\/wp-json\/wp\/v2\/tags?post=2579"}],"curies":[{"name":"wp","href":"https:\/\/api.w.org\/{rel}","templated":true}]}}