{"id":2585,"date":"2020-01-17T19:09:18","date_gmt":"2020-01-17T19:09:18","guid":{"rendered":"http:\/\/www.montanhismo-guarda.pt\/portal\/?p=2585"},"modified":"2020-01-28T14:15:03","modified_gmt":"2020-01-28T14:15:03","slug":"descida-no-rio-zezere-4","status":"publish","type":"post","link":"https:\/\/www.montanhismo-guarda.pt\/portal\/arquivo\/2585","title":{"rendered":"Descida no Rio Z\u00eazere"},"content":{"rendered":"<p><b><a href=\"https:\/\/www.montanhismo-guarda.pt\/portal\/arquivo\/2585\/cartaz_descidario-zezere_26-01-2019\"><img loading=\"lazy\" decoding=\"async\" class=\"aligncenter wp-image-2584 size-large\" src=\"https:\/\/www.montanhismo-guarda.pt\/portal\/wp-content\/uploads\/2020\/01\/Cartaz_DescidaRio-Zezere_26-01-2020-724x1024.jpg\" alt=\"\" width=\"724\" height=\"1024\" srcset=\"https:\/\/www.montanhismo-guarda.pt\/portal\/wp-content\/uploads\/2020\/01\/Cartaz_DescidaRio-Zezere_26-01-2020-724x1024.jpg 724w, https:\/\/www.montanhismo-guarda.pt\/portal\/wp-content\/uploads\/2020\/01\/Cartaz_DescidaRio-Zezere_26-01-2020-212x300.jpg 212w, https:\/\/www.montanhismo-guarda.pt\/portal\/wp-content\/uploads\/2020\/01\/Cartaz_DescidaRio-Zezere_26-01-2020-768x1086.jpg 768w, https:\/\/www.montanhismo-guarda.pt\/portal\/wp-content\/uploads\/2020\/01\/Cartaz_DescidaRio-Zezere_26-01-2020.jpg 1170w\" sizes=\"auto, (max-width: 724px) 100vw, 724px\" \/><\/a>NOME DA ACTIVIDADE:<\/b> <span class=\"JtukPc\"><span id=\"rAECCd\">Descida no Rio Z\u00eazere<\/span><\/span><\/p>\n<p><strong>DURA\u00c7\u00c3O:&nbsp;<\/strong>4&nbsp;horas (aproximadamente)<\/p>\n<p><strong>DIST\u00c2NCIA:<\/strong>&nbsp; entre 8,5 Km<\/p>\n<p><strong>DIFICULDADE T\u00c9CNICA:&nbsp;<\/strong>M\u00e9dia<\/p>\n<p><strong>DIFICULDADE F\u00cdSICA<\/strong>:&nbsp;M\u00e9dia<\/p>\n<p><strong>LOCAL DE&nbsp;SA\u00cdDA:<\/strong>&nbsp;Sede do CMG<\/p>\n<p><strong>DIA E HORA:<\/strong>&nbsp;<b>26 de janeiro de 2019&nbsp;<\/b>pelas 8:00 horas<\/p>\n<p><strong>INICIO DA ACTIVIDADE:<\/strong>&nbsp;9:00&nbsp; em&nbsp;Valhelhas<\/p>\n<p><b>COMPARTICIPA\u00c7\u00c3O PARA LOG\u00cdSTICA&nbsp;DA ACTIVIDADE<\/b><strong>:<\/strong><\/p>\n<p>[S\u00d3CIO\/COM EQUIPAMENTO CMG: &nbsp;caiaque, pagaia, saiote, colete e capacete] 20 euros<\/p>\n<p>[S\u00d3CIO\/COM EQUIPAMENTO PR\u00d3PRIO] 10 euros<\/p>\n<p>[N\u00c3O S\u00d3CIO\/COM&nbsp;EQUIPAMENTO CMG: &nbsp;caiaque, pagaia, saiote, colete e capacete] 25&nbsp;euros<\/p>\n<p>[N\u00c3O S\u00d3CIO\/COM&nbsp;EQUIPAMENTO PR\u00d3PRIO] 20 euros<\/p>\n<p><b>MATERIAL ACONSELH\u00c1VEL:&nbsp;<\/b>Sugere-se a utiliza\u00e7\u00e3o de fato de neoprene, pois o rio nesta altura do ano tem agua fria. Para quem n\u00e3o tiver, sugere-se cal\u00e7a tipo licra apertada ao corpo e para os membros superiores tipo anorak ou um imperme\u00e1vel. Sugere-se a utiliza\u00e7\u00e3o de luvas de neoprene ou de outro material excepto de algod\u00e3o.&nbsp;Para proteger os p\u00e9s, sugere-se meias de neoprene, ou a utiliza\u00e7\u00e3o de sapatilhas usadas.<\/p>\n<p><strong>PERCURSO:&nbsp;<\/strong>Inicio junto \u00e0 praia fluvial de Valhelhas at\u00e9 Praia Fulvial de Belmonte<\/p>\n<p><strong>INSCRI\u00c7\u00d5ES:&nbsp;<\/strong>at\u00e9 dia 23 de janeiro (17h00),&nbsp;via e-mail&nbsp;<a href=\"mailto:clube@montanhismo-guarda.pt\" target=\"_blank\" rel=\"noopener noreferrer\">clube@montanhismo-<wbr>guarda.pt<\/a><\/p>\n<p><span style=\"color: #000000;\">(nome; data nascimento; C.C. e em que modalidade se inscreve).<\/span><\/p>\n<p><b>RESPONS\u00c1VEL&nbsp;DA ACTIVIDADE:<\/b>&nbsp;Henrique Costa<\/p>\n<p><strong>OBSERVA\u00c7\u00d5ES:&nbsp;<\/strong>O clube assegurar\u00e1 a log\u00edstica necess\u00e1ria para a recolha das viaturas dos participantes<\/p>\n","protected":false},"excerpt":{"rendered":"<p>NOME DA ACTIVIDADE: Descida no Rio Z\u00eazere DURA\u00c7\u00c3O:&nbsp;4&nbsp;horas (aproximadamente) DIST\u00c2NCIA:&nbsp; entre 8,5 Km DIFICULDADE T\u00c9CNICA:&nbsp;M\u00e9dia DIFICULDADE F\u00cdSICA:&nbsp;M\u00e9dia LOCAL DE&nbsp;SA\u00cdDA:&nbsp;Sede do CMG DIA E HORA:&nbsp;26 de janeiro de 2019&nbsp;pelas 8:00 horas &hellip; <\/p>\n<p class=\"link-more\"><a href=\"https:\/\/www.montanhismo-guarda.pt\/portal\/arquivo\/2585\" class=\"more-link\">Continuar a ler <span class=\"screen-reader-text\">&#8220;Descida no Rio Z\u00eazere&#8221;<\/span><\/a><\/p>\n","protected":false},"author":1,"featured_media":0,"comment_status":"closed","ping_status":"closed","sticky":false,"template":"","format":"standard","meta":{"_acf_changed":false,"_tec_requires_first_save":true,"_EventAllDay":false,"_EventTimezone":"","_EventStartDate":"","_EventEndDate":"","_EventStartDateUTC":"","_EventEndDateUTC":"","_EventShowMap":false,"_EventShowMapLink":false,"_EventURL":"","_EventCost":"","_EventCostDescription":"","_EventCurrencySymbol":"","_EventCurrencyCode":"","_EventCurrencyPosition":"","_EventDateTimeSeparator":"","_EventTimeRangeSeparator":"","_EventOrganizerID":[],"_EventVenueID":[],"_OrganizerEmail":"","_OrganizerPhone":"","_OrganizerWebsite":"","_VenueAddress":"","_VenueCity":"","_VenueCountry":"","_VenueProvince":"","_VenueState":"","_VenueZip":"","_VenuePhone":"","_VenueURL":"","_VenueStateProvince":"","_VenueLat":"","_VenueLng":"","_VenueShowMap":false,"_VenueShowMapLink":false,"_tribe_blocks_recurrence_rules":"","_tribe_blocks_recurrence_description":"","_tribe_blocks_recurrence_exclusions":"","footnotes":""},"categories":[1],"tags":[],"class_list":["post-2585","post","type-post","status-publish","format-standard","hentry","category-informacoes"],"acf":[],"_links":{"self":[{"href":"https:\/\/www.montanhismo-guarda.pt\/portal\/wp-json\/wp\/v2\/posts\/2585","targetHints":{"allow":["GET"]}}],"collection":[{"href":"https:\/\/www.montanhismo-guarda.pt\/portal\/wp-json\/wp\/v2\/posts"}],"about":[{"href":"https:\/\/www.montanhismo-guarda.pt\/portal\/wp-json\/wp\/v2\/types\/post"}],"author":[{"embeddable":true,"href":"https:\/\/www.montanhismo-guarda.pt\/portal\/wp-json\/wp\/v2\/users\/1"}],"replies":[{"embeddable":true,"href":"https:\/\/www.montanhismo-guarda.pt\/portal\/wp-json\/wp\/v2\/comments?post=2585"}],"version-history":[{"count":5,"href":"https:\/\/www.montanhismo-guarda.pt\/portal\/wp-json\/wp\/v2\/posts\/2585\/revisions"}],"predecessor-version":[{"id":2905,"href":"https:\/\/www.montanhismo-guarda.pt\/portal\/wp-json\/wp\/v2\/posts\/2585\/revisions\/2905"}],"wp:attachment":[{"href":"https:\/\/www.montanhismo-guarda.pt\/portal\/wp-json\/wp\/v2\/media?parent=2585"}],"wp:term":[{"taxonomy":"category","embeddable":true,"href":"https:\/\/www.montanhismo-guarda.pt\/portal\/wp-json\/wp\/v2\/categories?post=2585"},{"taxonomy":"post_tag","embeddable":true,"href":"https:\/\/www.montanhismo-guarda.pt\/portal\/wp-json\/wp\/v2\/tags?post=2585"}],"curies":[{"name":"wp","href":"https:\/\/api.w.org\/{rel}","templated":true}]}}