{"id":3309,"date":"2020-12-12T15:35:28","date_gmt":"2020-12-12T15:35:28","guid":{"rendered":"http:\/\/www.montanhismo-guarda.pt\/portal\/?p=3309"},"modified":"2020-12-12T15:36:23","modified_gmt":"2020-12-12T15:36:23","slug":"dia-internacional-das-montanhas","status":"publish","type":"post","link":"https:\/\/www.montanhismo-guarda.pt\/portal\/arquivo\/3309","title":{"rendered":"Dia Internacional das Montanhas"},"content":{"rendered":"\n<p>Hoje, dia 11 de dezembro, comemora-se o Dia Internacional das Montanhas, este ano com destaque para o tema &#8220;A Import\u00e2ncia da Biodiversidade&#8221;.<\/p>\n\n\n\n<p>Fundado em mar\u00e7o 1981, o Clube de Montanhismo da Guarda tem nas montanhas o seu local predileto, seja de forma l\u00fadica ou desportiva, para frui\u00e7\u00e3o dos seus associados. A sensibiliza\u00e7\u00e3o e o alerta para as quest\u00f5es ambientais, o respeito pelos grandes espa\u00e7os naturais, a promo\u00e7\u00e3o e divulga\u00e7\u00e3o das montanhas e todo o potencial que lhe est\u00e1 associado, como \u00e9 o exemplo do seu rico e diversificado patrim\u00f3nio (nas suas diversas tipologias), sempre foi uma preocupa\u00e7\u00e3o das sucessivas dire\u00e7\u00f5es que ao longo dos anos estiveram \u00e0 frente dos destinos do CMG.<\/p>\n\n\n\n<p>Comemorando-se hoje o Dia Internacional das Montanhas, e apesar de atualmente, por for\u00e7a de uma pandemia, que nos obriga a uma reclus\u00e3o for\u00e7ada, \u00e9 desejo da dire\u00e7\u00e3o do CMG que os seus associados, seja de forma organizada ou individual, continuem a usufruir das montanhas como mais um local de entretenimento, mas sempre com o respeito que esses grandes espa\u00e7os naturais nos merecem.<\/p>\n\n\n\n<p><a rel=\"noreferrer noopener\" href=\"https:\/\/l.facebook.com\/l.php?u=https%3A%2F%2Fnews.un.org%2Fpt%2Fstory%2F2020%2F12%2F1735822%3Ffbclid%3DIwAR2Kmv6kLQCtQrU_JR4vRdy1gjwWMivD59daWb-Nb8I6eAy62TEzvw3ZS2A&amp;h=AT1_Z3Co7E40RRlmebUy9-uZKPyGO0cvfrf9j6pQNzlFld06elMFLtBcm-Mhw044F-heiSk3Z-lh4_P0bb6_jIESnX2oggJBLEwM5qu7Yc4sLqX-y9zeB4IEhQ&amp;__tn__=-UK-R&amp;c[0]=AT3cJtZAWh9MX3HRTLDzFjS7O6N0osnhZfZnsFCm-NOcrjGKag8G8TDd1L7FRANJJdOiHM7sd-23iMsZsoNRWR3LzV0ww9qM3PFKM_5uL8dvXYl54i5DSaotU2nPavnF9OAaSjuuehHckKS6T2kTavsyDLOfNPs9u2w0mS7_cR8L70hCMY9TlMJsCF3G_Y7wGtbI2wXPNqs2AzUeIVqn04o\" target=\"_blank\">https:\/\/news.un.org\/pt\/story\/2020\/12\/1735822<\/a><\/p>\n","protected":false},"excerpt":{"rendered":"<p>Hoje, dia 11 de dezembro, comemora-se o Dia Internacional das Montanhas, este ano com destaque para o tema &#8220;A Import\u00e2ncia da Biodiversidade&#8221;. Fundado em mar\u00e7o 1981, o Clube de Montanhismo &hellip; <\/p>\n<p class=\"link-more\"><a href=\"https:\/\/www.montanhismo-guarda.pt\/portal\/arquivo\/3309\" class=\"more-link\">Continuar a ler <span class=\"screen-reader-text\">&#8220;Dia Internacional das Montanhas&#8221;<\/span><\/a><\/p>\n","protected":false},"author":1,"featured_media":3310,"comment_status":"closed","ping_status":"closed","sticky":false,"template":"","format":"standard","meta":{"_acf_changed":false,"_tec_requires_first_save":true,"_EventAllDay":false,"_EventTimezone":"","_EventStartDate":"","_EventEndDate":"","_EventStartDateUTC":"","_EventEndDateUTC":"","_EventShowMap":false,"_EventShowMapLink":false,"_EventURL":"","_EventCost":"","_EventCostDescription":"","_EventCurrencySymbol":"","_EventCurrencyCode":"","_EventCurrencyPosition":"","_EventDateTimeSeparator":"","_EventTimeRangeSeparator":"","_EventOrganizerID":[],"_EventVenueID":[],"_OrganizerEmail":"","_OrganizerPhone":"","_OrganizerWebsite":"","_VenueAddress":"","_VenueCity":"","_VenueCountry":"","_VenueProvince":"","_VenueState":"","_VenueZip":"","_VenuePhone":"","_VenueURL":"","_VenueStateProvince":"","_VenueLat":"","_VenueLng":"","_VenueShowMap":false,"_VenueShowMapLink":false,"_tribe_blocks_recurrence_rules":"","_tribe_blocks_recurrence_description":"","_tribe_blocks_recurrence_exclusions":"","footnotes":""},"categories":[1],"tags":[],"class_list":["post-3309","post","type-post","status-publish","format-standard","has-post-thumbnail","hentry","category-informacoes"],"acf":[],"_links":{"self":[{"href":"https:\/\/www.montanhismo-guarda.pt\/portal\/wp-json\/wp\/v2\/posts\/3309","targetHints":{"allow":["GET"]}}],"collection":[{"href":"https:\/\/www.montanhismo-guarda.pt\/portal\/wp-json\/wp\/v2\/posts"}],"about":[{"href":"https:\/\/www.montanhismo-guarda.pt\/portal\/wp-json\/wp\/v2\/types\/post"}],"author":[{"embeddable":true,"href":"https:\/\/www.montanhismo-guarda.pt\/portal\/wp-json\/wp\/v2\/users\/1"}],"replies":[{"embeddable":true,"href":"https:\/\/www.montanhismo-guarda.pt\/portal\/wp-json\/wp\/v2\/comments?post=3309"}],"version-history":[{"count":2,"href":"https:\/\/www.montanhismo-guarda.pt\/portal\/wp-json\/wp\/v2\/posts\/3309\/revisions"}],"predecessor-version":[{"id":3312,"href":"https:\/\/www.montanhismo-guarda.pt\/portal\/wp-json\/wp\/v2\/posts\/3309\/revisions\/3312"}],"wp:featuredmedia":[{"embeddable":true,"href":"https:\/\/www.montanhismo-guarda.pt\/portal\/wp-json\/wp\/v2\/media\/3310"}],"wp:attachment":[{"href":"https:\/\/www.montanhismo-guarda.pt\/portal\/wp-json\/wp\/v2\/media?parent=3309"}],"wp:term":[{"taxonomy":"category","embeddable":true,"href":"https:\/\/www.montanhismo-guarda.pt\/portal\/wp-json\/wp\/v2\/categories?post=3309"},{"taxonomy":"post_tag","embeddable":true,"href":"https:\/\/www.montanhismo-guarda.pt\/portal\/wp-json\/wp\/v2\/tags?post=3309"}],"curies":[{"name":"wp","href":"https:\/\/api.w.org\/{rel}","templated":true}]}}